{"id":10313,"date":"2026-09-01T00:54:39","date_gmt":"2026-08-31T22:54:39","guid":{"rendered":"https:\/\/savoie-argentine.org\/?p=10313"},"modified":"2026-09-01T19:21:05","modified_gmt":"2026-09-01T17:21:05","slug":"alianza-estrategica-y-cultural-el-centro-saboya-argentina-de-villa-elisa-firma-un-acuerdo-de-cooperacion-con-una-escuela-de-su-localidad","status":"publish","type":"post","link":"https:\/\/savoie-argentine.org\/es\/10313\/alianza-estrategica-y-cultural-el-centro-saboya-argentina-de-villa-elisa-firma-un-acuerdo-de-cooperacion-con-una-escuela-de-su-localidad\/","title":{"rendered":"Alianza estrat\u00e9gica y cultural: el Centro Saboya Argentina de Villa Elisa firma un acuerdo de cooperaci\u00f3n con una escuela de su localidad"},"content":{"rendered":"\t\t<div data-elementor-type=\"wp-post\" data-elementor-id=\"10313\" class=\"elementor elementor-10313\">\n\t\t\t\t<div class=\"elementor-element elementor-element-382f822 e-flex e-con-boxed e-con e-parent\" data-id=\"382f822\" data-element_type=\"container\" data-e-type=\"container\">\n\t\t\t\t\t<div class=\"e-con-inner\">\n\t\t\t\t<div class=\"elementor-element elementor-element-c9e743b elementor-widget elementor-widget-text-editor\" data-id=\"c9e743b\" data-element_type=\"widget\" data-e-type=\"widget\" data-widget_type=\"text-editor.default\">\n\t\t\t\t\t\t\t\t\t<p><em>Por Ana Hauteville<\/em><\/p>\n<p><\/p>\n<p>El Centro Saboya Argentina contin\u00faa fortaleciendo sus v\u00ednculos con la comunidad de Villa Elisa a trav\u00e9s de nuevas alianzas estrat\u00e9gicas y propuestas culturales abiertas a todo el p\u00fablico.<\/p>\t\t\t\t\t\t\t\t<\/div>\n\t\t\t\t\t<\/div>\n\t\t\t\t<\/div>\n\t\t<div class=\"elementor-element elementor-element-2b8ab02 e-flex e-con-boxed e-con e-parent\" data-id=\"2b8ab02\" data-element_type=\"container\" data-e-type=\"container\">\n\t\t\t\t\t<div class=\"e-con-inner\">\n\t\t\t\t<div class=\"elementor-element elementor-element-609d1e0 elementor-widget elementor-widget-read-more\" data-id=\"609d1e0\" data-element_type=\"widget\" data-e-type=\"widget\" data-widget_type=\"read-more.default\">\n\t\t\t\t\t<\/div><\/div><\/div><\/div> <a href=\"https:\/\/savoie-argentine.org\/es\/10313\/alianza-estrategica-y-cultural-el-centro-saboya-argentina-de-villa-elisa-firma-un-acuerdo-de-cooperacion-con-una-escuela-de-su-localidad\/\" class=\"more-link elementor-more-link\"><span aria-label=\"Sigue leyendo Alianza estrat\u00e9gica y cultural: el Centro Saboya Argentina de Villa Elisa firma un acuerdo de cooperaci\u00f3n con una escuela de su localidad\">Sigue leyendo<\/span><\/a>","protected":false},"excerpt":{"rendered":"<p>La presidente del Centro Saboya Argentina de Villa Elisa firm\u00f3 un acuerdo de cooperaci\u00f3n con la Escuela de Formaci\u00f3n Profesional N.\u00b0 123 \u201cNuestra Se\u00f1ora de F\u00e1tima\u201d.<br \/>\nLa pr\u00e9sidente du Centre Savoy Argentina de Villa Elisa a sign\u00e9 une convention de coop\u00e9ration avec l&#8217;\u00c9cole de Formation Professionnelle n\u00b0 123 \u00ab Notre-Dame de Fatima \u00bb.<\/p>\n","protected":false},"author":8,"featured_media":10409,"comment_status":"open","ping_status":"closed","sticky":false,"template":"","format":"standard","meta":{"iawp_total_views":1,"footnotes":""},"categories":[53,104],"tags":[],"post_folder":[96,93],"class_list":["post-10313","post","type-post","status-publish","format-standard","has-post-thumbnail","hentry","category-actualidad","category-comunicacion-villa-elisa"],"_links":{"self":[{"href":"https:\/\/savoie-argentine.org\/es\/wp-json\/wp\/v2\/posts\/10313","targetHints":{"allow":["GET"]}}],"collection":[{"href":"https:\/\/savoie-argentine.org\/es\/wp-json\/wp\/v2\/posts"}],"about":[{"href":"https:\/\/savoie-argentine.org\/es\/wp-json\/wp\/v2\/types\/post"}],"author":[{"embeddable":true,"href":"https:\/\/savoie-argentine.org\/es\/wp-json\/wp\/v2\/users\/8"}],"replies":[{"embeddable":true,"href":"https:\/\/savoie-argentine.org\/es\/wp-json\/wp\/v2\/comments?post=10313"}],"version-history":[{"count":18,"href":"https:\/\/savoie-argentine.org\/es\/wp-json\/wp\/v2\/posts\/10313\/revisions"}],"predecessor-version":[{"id":10440,"href":"https:\/\/savoie-argentine.org\/es\/wp-json\/wp\/v2\/posts\/10313\/revisions\/10440"}],"wp:featuredmedia":[{"embeddable":true,"href":"https:\/\/savoie-argentine.org\/es\/wp-json\/wp\/v2\/media\/10409"}],"wp:attachment":[{"href":"https:\/\/savoie-argentine.org\/es\/wp-json\/wp\/v2\/media?parent=10313"}],"wp:term":[{"taxonomy":"category","embeddable":true,"href":"https:\/\/savoie-argentine.org\/es\/wp-json\/wp\/v2\/categories?post=10313"},{"taxonomy":"post_tag","embeddable":true,"href":"https:\/\/savoie-argentine.org\/es\/wp-json\/wp\/v2\/tags?post=10313"},{"taxonomy":"post_folder","embeddable":true,"href":"https:\/\/savoie-argentine.org\/es\/wp-json\/wp\/v2\/post_folder?post=10313"}],"curies":[{"name":"wp","href":"https:\/\/api.w.org\/{rel}","templated":true}]}}