{"id":3099,"date":"2025-12-20T17:44:20","date_gmt":"2025-12-20T16:44:20","guid":{"rendered":"https:\/\/savoie-argentine.org\/?p=3099"},"modified":"2026-03-05T10:27:24","modified_gmt":"2026-03-05T09:27:24","slug":"villa-elisa-fin-de-ano-y-muestras","status":"publish","type":"post","link":"https:\/\/savoie-argentine.org\/es\/3099\/villa-elisa-fin-de-ano-y-muestras\/","title":{"rendered":"Villa Elisa \u00a1Fin de A\u00f1o y Muestras!"},"content":{"rendered":"\t\t<div data-elementor-type=\"wp-post\" data-elementor-id=\"3099\" class=\"elementor elementor-3099\">\n\t\t\t\t<div class=\"elementor-element elementor-element-4c869793 e-flex e-con-boxed e-con e-parent\" data-id=\"4c869793\" data-element_type=\"container\" data-e-type=\"container\">\n\t\t\t\t\t<div class=\"e-con-inner\">\n\t\t\t\t<div class=\"elementor-element elementor-element-3ae3d360 elementor-widget elementor-widget-text-editor\" data-id=\"3ae3d360\" data-element_type=\"widget\" data-e-type=\"widget\" data-widget_type=\"text-editor.default\">\n\t\t\t\t\t\t\t\t\t<p>\u00a1Se acerca el final del a\u00f1o y con \u00e9l, el momento m\u00e1s esperado para compartir los frutos del trabajo realizado en los talleres de Arte y Literatura!<\/p>\t\t\t\t\t\t\t\t<\/div>\n\t\t\t\t\t<\/div>\n\t\t\t\t<\/div>\n\t\t<div class=\"elementor-element elementor-element-53dbfbc4 e-flex e-con-boxed e-con e-parent\" data-id=\"53dbfbc4\" data-element_type=\"container\" data-e-type=\"container\">\n\t\t\t\t\t<div class=\"e-con-inner\">\n\t\t\t\t<div class=\"elementor-element elementor-element-36792d1f elementor-widget elementor-widget-read-more\" data-id=\"36792d1f\" data-element_type=\"widget\" data-e-type=\"widget\" data-widget_type=\"read-more.default\">\n\t\t\t\t\t<\/div><\/div><\/div><\/div> <a href=\"https:\/\/savoie-argentine.org\/es\/3099\/villa-elisa-fin-de-ano-y-muestras\/\" class=\"more-link elementor-more-link\"><span aria-label=\"Sigue leyendo Villa Elisa \u00a1Fin de A\u00f1o y Muestras!\">Poursuivre la lecture<\/span><\/a>","protected":false},"excerpt":{"rendered":"<p>El momento m\u00e1s<br \/>\nesperado para compartir los frutos del trabajo realizado.<br \/>\n Le moment tant attendu de partager les fruits du travail accompli<\/p>\n","protected":false},"author":7,"featured_media":3100,"comment_status":"open","ping_status":"open","sticky":false,"template":"","format":"standard","meta":{"iawp_total_views":2,"footnotes":""},"categories":[46],"tags":[],"post_folder":[],"class_list":["post-3099","post","type-post","status-publish","format-standard","has-post-thumbnail","hentry","category-sin-categoria"],"_links":{"self":[{"href":"https:\/\/savoie-argentine.org\/es\/wp-json\/wp\/v2\/posts\/3099","targetHints":{"allow":["GET"]}}],"collection":[{"href":"https:\/\/savoie-argentine.org\/es\/wp-json\/wp\/v2\/posts"}],"about":[{"href":"https:\/\/savoie-argentine.org\/es\/wp-json\/wp\/v2\/types\/post"}],"author":[{"embeddable":true,"href":"https:\/\/savoie-argentine.org\/es\/wp-json\/wp\/v2\/users\/7"}],"replies":[{"embeddable":true,"href":"https:\/\/savoie-argentine.org\/es\/wp-json\/wp\/v2\/comments?post=3099"}],"version-history":[{"count":45,"href":"https:\/\/savoie-argentine.org\/es\/wp-json\/wp\/v2\/posts\/3099\/revisions"}],"predecessor-version":[{"id":3477,"href":"https:\/\/savoie-argentine.org\/es\/wp-json\/wp\/v2\/posts\/3099\/revisions\/3477"}],"wp:featuredmedia":[{"embeddable":true,"href":"https:\/\/savoie-argentine.org\/es\/wp-json\/wp\/v2\/media\/3100"}],"wp:attachment":[{"href":"https:\/\/savoie-argentine.org\/es\/wp-json\/wp\/v2\/media?parent=3099"}],"wp:term":[{"taxonomy":"category","embeddable":true,"href":"https:\/\/savoie-argentine.org\/es\/wp-json\/wp\/v2\/categories?post=3099"},{"taxonomy":"post_tag","embeddable":true,"href":"https:\/\/savoie-argentine.org\/es\/wp-json\/wp\/v2\/tags?post=3099"},{"taxonomy":"post_folder","embeddable":true,"href":"https:\/\/savoie-argentine.org\/es\/wp-json\/wp\/v2\/post_folder?post=3099"}],"curies":[{"name":"wp","href":"https:\/\/api.w.org\/{rel}","templated":true}]}}