{"id":3491,"date":"2025-11-19T15:10:37","date_gmt":"2025-11-19T14:10:37","guid":{"rendered":"https:\/\/savoie-argentine.org\/3491\/viaje-a-argentina-una-mision-para-fortalecer-los-lazos-entre-alta-saboya-y-argentina\/"},"modified":"2026-03-01T18:35:10","modified_gmt":"2026-03-01T17:35:10","slug":"viaje-a-argentina-una-mision-para-fortalecer-los-lazos-entre-alta-saboya-y-argentina","status":"publish","type":"post","link":"https:\/\/savoie-argentine.org\/es\/3491\/viaje-a-argentina-una-mision-para-fortalecer-los-lazos-entre-alta-saboya-y-argentina\/","title":{"rendered":"Viaje a Argentina: Una misi\u00f3n para fortalecer los lazos entre Alta Saboya y Argentina"},"content":{"rendered":"\t\t<div data-elementor-type=\"wp-post\" data-elementor-id=\"3491\" class=\"elementor elementor-3491 elementor-2849\">\n\t\t\t\t<div class=\"elementor-element elementor-element-ab041a3 e-flex e-con-boxed e-con e-parent\" data-id=\"ab041a3\" data-element_type=\"container\" data-e-type=\"container\">\n\t\t\t\t\t<div class=\"e-con-inner\">\n\t\t\t\t<div class=\"elementor-element elementor-element-408cf85 elementor-widget elementor-widget-text-editor\" data-id=\"408cf85\" data-element_type=\"widget\" data-e-type=\"widget\" data-widget_type=\"text-editor.default\">\n\t\t\t\t\t\t\t\t\t<p>La asociaci\u00f3n <strong>Savoie-Argentine<\/strong> tiene el placer de informar a sus miembros de que un peque\u00f1o grupo de 4 miembros de la junta directiva de la asociaci\u00f3n Savoie-Argentine partir\u00e1 este domingo 23 de noviembre de 2025 hacia Buenos Aires.<\/p>\t\t\t\t\t\t\t\t<\/div>\n\t\t\t\t\t<\/div>\n\t\t\t\t<\/div>\n\t\t<div class=\"elementor-element elementor-element-450fbe0 e-flex e-con-boxed e-con e-parent\" data-id=\"450fbe0\" data-element_type=\"container\" data-e-type=\"container\">\n\t\t\t\t\t<div class=\"e-con-inner\">\n\t\t\t\t<div class=\"elementor-element elementor-element-bda3b22 elementor-widget elementor-widget-read-more\" data-id=\"bda3b22\" data-element_type=\"widget\" data-e-type=\"widget\" data-widget_type=\"read-more.default\">\n\t\t\t\t\t<\/div><\/div><\/div><\/div> <a href=\"https:\/\/savoie-argentine.org\/es\/3491\/viaje-a-argentina-una-mision-para-fortalecer-los-lazos-entre-alta-saboya-y-argentina\/\" class=\"more-link elementor-more-link\"><span aria-label=\"Sigue leyendo Viaje a Argentina: Una misi\u00f3n para fortalecer los lazos entre Alta Saboya y Argentina\">Seguir leyendo<\/span><\/a>","protected":false},"excerpt":{"rendered":"<p>Un peque\u00f1o grupo de 4 miembros de la junta directiva de la asociaci\u00f3n Savoie-Argentine partir\u00e1 este domingo 23 de noviembre hacia Buenos Aires.<br \/>\n \u00bfCon qu\u00e9 fin?<\/p>\n","protected":false},"author":4,"featured_media":4219,"comment_status":"open","ping_status":"open","sticky":false,"template":"","format":"standard","meta":{"iawp_total_views":20,"footnotes":""},"categories":[53,57,58],"tags":[],"post_folder":[],"class_list":["post-3491","post","type-post","status-publish","format-standard","has-post-thumbnail","hentry","category-actualidad","category-en-argentina","category-proximamente"],"_links":{"self":[{"href":"https:\/\/savoie-argentine.org\/es\/wp-json\/wp\/v2\/posts\/3491","targetHints":{"allow":["GET"]}}],"collection":[{"href":"https:\/\/savoie-argentine.org\/es\/wp-json\/wp\/v2\/posts"}],"about":[{"href":"https:\/\/savoie-argentine.org\/es\/wp-json\/wp\/v2\/types\/post"}],"author":[{"embeddable":true,"href":"https:\/\/savoie-argentine.org\/es\/wp-json\/wp\/v2\/users\/4"}],"replies":[{"embeddable":true,"href":"https:\/\/savoie-argentine.org\/es\/wp-json\/wp\/v2\/comments?post=3491"}],"version-history":[{"count":7,"href":"https:\/\/savoie-argentine.org\/es\/wp-json\/wp\/v2\/posts\/3491\/revisions"}],"predecessor-version":[{"id":4221,"href":"https:\/\/savoie-argentine.org\/es\/wp-json\/wp\/v2\/posts\/3491\/revisions\/4221"}],"wp:featuredmedia":[{"embeddable":true,"href":"https:\/\/savoie-argentine.org\/es\/wp-json\/wp\/v2\/media\/4219"}],"wp:attachment":[{"href":"https:\/\/savoie-argentine.org\/es\/wp-json\/wp\/v2\/media?parent=3491"}],"wp:term":[{"taxonomy":"category","embeddable":true,"href":"https:\/\/savoie-argentine.org\/es\/wp-json\/wp\/v2\/categories?post=3491"},{"taxonomy":"post_tag","embeddable":true,"href":"https:\/\/savoie-argentine.org\/es\/wp-json\/wp\/v2\/tags?post=3491"},{"taxonomy":"post_folder","embeddable":true,"href":"https:\/\/savoie-argentine.org\/es\/wp-json\/wp\/v2\/post_folder?post=3491"}],"curies":[{"name":"wp","href":"https:\/\/api.w.org\/{rel}","templated":true}]}}