{"id":3540,"date":"2025-11-07T11:25:06","date_gmt":"2025-11-07T10:25:06","guid":{"rendered":"https:\/\/savoie-argentine.org\/3540\/el-naufragio-del-galilee\/"},"modified":"2025-12-28T23:47:23","modified_gmt":"2025-12-28T22:47:23","slug":"el-naufragio-del-galilee","status":"publish","type":"post","link":"https:\/\/savoie-argentine.org\/es\/3540\/el-naufragio-del-galilee\/","title":{"rendered":"El naufragio del Galil\u00e9e"},"content":{"rendered":"\t\t<div data-elementor-type=\"wp-post\" data-elementor-id=\"3540\" class=\"elementor elementor-3540 elementor-2639\">\n\t\t\t\t<div class=\"elementor-element elementor-element-b87bad4 e-flex e-con-boxed e-con e-parent\" data-id=\"b87bad4\" data-element_type=\"container\" data-e-type=\"container\">\n\t\t\t\t\t<div class=\"e-con-inner\">\n\t\t\t\t<div class=\"elementor-element elementor-element-dd6c188 elementor-widget elementor-widget-spacer\" data-id=\"dd6c188\" data-element_type=\"widget\" data-e-type=\"widget\" data-widget_type=\"spacer.default\">\n\t\t\t\t\t\t\t<div class=\"elementor-spacer\">\n\t\t\t<div class=\"elementor-spacer-inner\"><\/div>\n\t\t<\/div>\n\t\t\t\t\t\t<\/div>\n\t\t\t\t\t<\/div>\n\t\t\t\t<\/div>\n\t\t<div class=\"elementor-element elementor-element-42a5746 e-flex e-con-boxed e-con e-parent\" data-id=\"42a5746\" data-element_type=\"container\" data-e-type=\"container\" data-settings=\"{&quot;background_background&quot;:&quot;classic&quot;}\">\n\t\t\t\t\t<div class=\"e-con-inner\">\n\t\t\t\t<div class=\"elementor-element elementor-element-04f4c65 elementor-widget elementor-widget-text-editor\" data-id=\"04f4c65\" data-element_type=\"widget\" data-e-type=\"widget\" data-widget_type=\"text-editor.default\">\n\t\t\t\t\t\t\t\t\t<p>Texto redactado a partir de las fuentes del <em>Centre Saboyano de San Jos\u00e9<\/em>, de la publicaci\u00f3n de <a href=\"https:\/\/www.facebook.com\/rosa.maxit.2025\" target=\"_blank\" rel=\"noopener\"><span style=\"text-decoration: underline;\">Rosa Maxit<\/span><\/a> y de la conferencia de Fernando Correa Alsina (2025).<br \/>Agradecimiento a <em>Fran\u00e7ois Birraux<\/em> por la transmisi\u00f3n de la publicaci\u00f3n de Rosa.<br \/><strong>Si se nos transmite un informe de la conferencia, lo pondremos en l\u00ednea en el sitio.<\/strong><\/p>\t\t\t\t\t\t\t\t<\/div>\n\t\t\t\t\t<\/div>\n\t\t\t\t<\/div>\n\t\t<div class=\"elementor-element elementor-element-32e6a7d e-flex e-con-boxed e-con e-parent\" data-id=\"32e6a7d\" data-element_type=\"container\" data-e-type=\"container\">\n\t\t\t\t\t<div class=\"e-con-inner\">\n\t\t\t\t<div class=\"elementor-element elementor-element-640c24b elementor-widget elementor-widget-read-more\" data-id=\"640c24b\" data-element_type=\"widget\" data-e-type=\"widget\" data-widget_type=\"read-more.default\">\n\t\t\t\t\t<\/div><\/div><\/div><\/div> <a href=\"https:\/\/savoie-argentine.org\/es\/3540\/el-naufragio-del-galilee\/\" class=\"more-link elementor-more-link\"><span aria-label=\"Sigue leyendo El naufragio del Galil\u00e9e\">Poursuivre la lecture<\/span><\/a>","protected":false},"excerpt":{"rendered":"<p>Los supervivientes se establecieron finalmente en la colonia San Jos\u00e9, donde contribuyeron con su trabajo, su saber hacer agr\u00edcola y su esp\u00edritu comunitario al desarrollo de una regi\u00f3n a\u00fan naciente.<\/p>\n","protected":false},"author":1,"featured_media":3538,"comment_status":"open","ping_status":"open","sticky":false,"template":"","format":"standard","meta":{"iawp_total_views":0,"footnotes":""},"categories":[53],"tags":[],"post_folder":[],"class_list":["post-3540","post","type-post","status-publish","format-standard","has-post-thumbnail","hentry","category-actualidad"],"_links":{"self":[{"href":"https:\/\/savoie-argentine.org\/es\/wp-json\/wp\/v2\/posts\/3540","targetHints":{"allow":["GET"]}}],"collection":[{"href":"https:\/\/savoie-argentine.org\/es\/wp-json\/wp\/v2\/posts"}],"about":[{"href":"https:\/\/savoie-argentine.org\/es\/wp-json\/wp\/v2\/types\/post"}],"author":[{"embeddable":true,"href":"https:\/\/savoie-argentine.org\/es\/wp-json\/wp\/v2\/users\/1"}],"replies":[{"embeddable":true,"href":"https:\/\/savoie-argentine.org\/es\/wp-json\/wp\/v2\/comments?post=3540"}],"version-history":[{"count":11,"href":"https:\/\/savoie-argentine.org\/es\/wp-json\/wp\/v2\/posts\/3540\/revisions"}],"predecessor-version":[{"id":4215,"href":"https:\/\/savoie-argentine.org\/es\/wp-json\/wp\/v2\/posts\/3540\/revisions\/4215"}],"wp:featuredmedia":[{"embeddable":true,"href":"https:\/\/savoie-argentine.org\/es\/wp-json\/wp\/v2\/media\/3538"}],"wp:attachment":[{"href":"https:\/\/savoie-argentine.org\/es\/wp-json\/wp\/v2\/media?parent=3540"}],"wp:term":[{"taxonomy":"category","embeddable":true,"href":"https:\/\/savoie-argentine.org\/es\/wp-json\/wp\/v2\/categories?post=3540"},{"taxonomy":"post_tag","embeddable":true,"href":"https:\/\/savoie-argentine.org\/es\/wp-json\/wp\/v2\/tags?post=3540"},{"taxonomy":"post_folder","embeddable":true,"href":"https:\/\/savoie-argentine.org\/es\/wp-json\/wp\/v2\/post_folder?post=3540"}],"curies":[{"name":"wp","href":"https:\/\/api.w.org\/{rel}","templated":true}]}}