{"id":3564,"date":"2025-10-13T19:53:46","date_gmt":"2025-10-13T17:53:46","guid":{"rendered":"https:\/\/savoie-argentine.org\/3564\/la-exposicion-sobre-la-emigracion-de-saboya-a-argentina-se-instala-en-les-gets\/"},"modified":"2025-12-27T17:47:06","modified_gmt":"2025-12-27T16:47:06","slug":"la-exposicion-sobre-la-emigracion-de-saboya-a-argentina-se-instala-en-les-gets","status":"publish","type":"post","link":"https:\/\/savoie-argentine.org\/es\/3564\/la-exposicion-sobre-la-emigracion-de-saboya-a-argentina-se-instala-en-les-gets\/","title":{"rendered":"La exposici\u00f3n sobre la emigraci\u00f3n de Saboya a Argentina se instala en Les Gets"},"content":{"rendered":"\t\t<div data-elementor-type=\"wp-post\" data-elementor-id=\"3564\" class=\"elementor elementor-3564 elementor-2495\">\n\t\t\t\t<div class=\"elementor-element elementor-element-8eef48b e-flex e-con-boxed e-con e-parent\" data-id=\"8eef48b\" data-element_type=\"container\" data-e-type=\"container\">\n\t\t\t\t\t<div class=\"e-con-inner\">\n\t\t\t\t<div class=\"elementor-element elementor-element-48a2c87 elementor-widget elementor-widget-text-editor\" data-id=\"48a2c87\" data-element_type=\"widget\" data-e-type=\"widget\" data-widget_type=\"text-editor.default\">\n\t\t\t\t\t\t\t\t\t<p>Son tres, discretos y eficaces, los que se encargan de instalar y desmontar los paneles de la exposici\u00f3n sobre la historia de <strong>la emigraci\u00f3n de Saboya a Argentina<\/strong>.<\/p>\t\t\t\t\t\t\t\t<\/div>\n\t\t\t\t\t<\/div>\n\t\t\t\t<\/div>\n\t\t<div class=\"elementor-element elementor-element-d614132 e-flex e-con-boxed e-con e-parent\" data-id=\"d614132\" data-element_type=\"container\" data-e-type=\"container\">\n\t\t\t\t\t<div class=\"e-con-inner\">\n\t\t\t\t<div class=\"elementor-element elementor-element-79cd286 elementor-widget elementor-widget-read-more\" data-id=\"79cd286\" data-element_type=\"widget\" data-e-type=\"widget\" data-widget_type=\"read-more.default\">\n\t\t\t\t\t<\/div><\/div><\/div><\/div> <a href=\"https:\/\/savoie-argentine.org\/es\/3564\/la-exposicion-sobre-la-emigracion-de-saboya-a-argentina-se-instala-en-les-gets\/\" class=\"more-link elementor-more-link\"><span aria-label=\"Sigue leyendo La exposici\u00f3n sobre la emigraci\u00f3n de Saboya a Argentina se instala en Les Gets\">Seguir leyendo<\/span><\/a>","protected":false},"excerpt":{"rendered":"<p>La sala Colombi\u00e8re, que alberga la exposici\u00f3n, estar\u00e1 abierta todos los d\u00edas hasta el viernes 24 de octubre de 2025, de 14:00 a 17:00.<\/p>\n","protected":false},"author":1,"featured_media":3563,"comment_status":"open","ping_status":"open","sticky":false,"template":"","format":"standard","meta":{"iawp_total_views":0,"footnotes":""},"categories":[53,61],"tags":[],"post_folder":[],"class_list":["post-3564","post","type-post","status-publish","format-standard","has-post-thumbnail","hentry","category-actualidad","category-exposition"],"_links":{"self":[{"href":"https:\/\/savoie-argentine.org\/es\/wp-json\/wp\/v2\/posts\/3564","targetHints":{"allow":["GET"]}}],"collection":[{"href":"https:\/\/savoie-argentine.org\/es\/wp-json\/wp\/v2\/posts"}],"about":[{"href":"https:\/\/savoie-argentine.org\/es\/wp-json\/wp\/v2\/types\/post"}],"author":[{"embeddable":true,"href":"https:\/\/savoie-argentine.org\/es\/wp-json\/wp\/v2\/users\/1"}],"replies":[{"embeddable":true,"href":"https:\/\/savoie-argentine.org\/es\/wp-json\/wp\/v2\/comments?post=3564"}],"version-history":[{"count":1,"href":"https:\/\/savoie-argentine.org\/es\/wp-json\/wp\/v2\/posts\/3564\/revisions"}],"predecessor-version":[{"id":3566,"href":"https:\/\/savoie-argentine.org\/es\/wp-json\/wp\/v2\/posts\/3564\/revisions\/3566"}],"wp:featuredmedia":[{"embeddable":true,"href":"https:\/\/savoie-argentine.org\/es\/wp-json\/wp\/v2\/media\/3563"}],"wp:attachment":[{"href":"https:\/\/savoie-argentine.org\/es\/wp-json\/wp\/v2\/media?parent=3564"}],"wp:term":[{"taxonomy":"category","embeddable":true,"href":"https:\/\/savoie-argentine.org\/es\/wp-json\/wp\/v2\/categories?post=3564"},{"taxonomy":"post_tag","embeddable":true,"href":"https:\/\/savoie-argentine.org\/es\/wp-json\/wp\/v2\/tags?post=3564"},{"taxonomy":"post_folder","embeddable":true,"href":"https:\/\/savoie-argentine.org\/es\/wp-json\/wp\/v2\/post_folder?post=3564"}],"curies":[{"name":"wp","href":"https:\/\/api.w.org\/{rel}","templated":true}]}}