{"id":3572,"date":"2025-10-12T12:51:54","date_gmt":"2025-10-12T10:51:54","guid":{"rendered":"https:\/\/savoie-argentine.org\/3572\/la-lengua-saboyana-en-el-punto-de-mira-en-el-coloquio-de-la-flarep\/"},"modified":"2025-12-28T23:53:42","modified_gmt":"2025-12-28T22:53:42","slug":"la-lengua-saboyana-en-el-punto-de-mira-en-el-coloquio-de-la-flarep","status":"publish","type":"post","link":"https:\/\/savoie-argentine.org\/es\/3572\/la-lengua-saboyana-en-el-punto-de-mira-en-el-coloquio-de-la-flarep\/","title":{"rendered":"La lengua saboyana en el punto de mira en el coloquio de la FLAREP"},"content":{"rendered":"\t\t<div data-elementor-type=\"wp-post\" data-elementor-id=\"3572\" class=\"elementor elementor-3572 elementor-2446\">\n\t\t\t\t<div class=\"elementor-element elementor-element-7f952c6 e-flex e-con-boxed e-con e-parent\" data-id=\"7f952c6\" data-element_type=\"container\" data-e-type=\"container\">\n\t\t\t\t\t<div class=\"e-con-inner\">\n\t\t\t\t<div class=\"elementor-element elementor-element-6623300 elementor-widget elementor-widget-text-editor\" data-id=\"6623300\" data-element_type=\"widget\" data-e-type=\"widget\" data-widget_type=\"text-editor.default\">\n\t\t\t\t\t\t\t\t\t<h6 data-start=\"471\" data-end=\"527\">El 39.\u00ba coloquio de la FLAREP se organiza en Alta Saboya.<br \/><a href=\"https:\/\/www.youtube.com\/live\/GhqA9bX3CuQ?si=rBwjeJSlw1hzJk96\" target=\"_blank\" rel=\"noopener\"><span style=\"text-decoration: underline;\">ver en directo la sesi\u00f3n del 18 de octubre a las 14:00 &gt;&gt;&gt;<\/span><\/a><\/h6>\t\t\t\t\t\t\t\t<\/div>\n\t\t\t\t\t<\/div>\n\t\t\t\t<\/div>\n\t\t<div class=\"elementor-element elementor-element-4840e98 e-flex e-con-boxed e-con e-parent\" data-id=\"4840e98\" data-element_type=\"container\" data-e-type=\"container\">\n\t\t\t\t\t<div class=\"e-con-inner\">\n\t\t\t\t<div class=\"elementor-element elementor-element-c725e63 elementor-widget elementor-widget-read-more\" data-id=\"c725e63\" data-element_type=\"widget\" data-e-type=\"widget\" data-widget_type=\"read-more.default\">\n\t\t\t\t\t<\/div><\/div><\/div><\/div> <a href=\"https:\/\/savoie-argentine.org\/es\/3572\/la-lengua-saboyana-en-el-punto-de-mira-en-el-coloquio-de-la-flarep\/\" class=\"more-link elementor-more-link\"><span aria-label=\"Sigue leyendo La lengua saboyana en el punto de mira en el coloquio de la FLAREP\">Seguir leyendo<\/span><\/a>","protected":false},"excerpt":{"rendered":"<p>Marc Bron, miembro del consejo de administraci\u00f3n de la asociaci\u00f3n Savoie-Argentine, se esmera en valorizar el patrimonio ling\u00fc\u00edstico y cultural saboyano.<\/p>\n","protected":false},"author":1,"featured_media":3571,"comment_status":"open","ping_status":"open","sticky":false,"template":"","format":"standard","meta":{"iawp_total_views":0,"footnotes":""},"categories":[53,46],"tags":[],"post_folder":[],"class_list":["post-3572","post","type-post","status-publish","format-standard","has-post-thumbnail","hentry","category-actualidad","category-sin-categoria"],"_links":{"self":[{"href":"https:\/\/savoie-argentine.org\/es\/wp-json\/wp\/v2\/posts\/3572","targetHints":{"allow":["GET"]}}],"collection":[{"href":"https:\/\/savoie-argentine.org\/es\/wp-json\/wp\/v2\/posts"}],"about":[{"href":"https:\/\/savoie-argentine.org\/es\/wp-json\/wp\/v2\/types\/post"}],"author":[{"embeddable":true,"href":"https:\/\/savoie-argentine.org\/es\/wp-json\/wp\/v2\/users\/1"}],"replies":[{"embeddable":true,"href":"https:\/\/savoie-argentine.org\/es\/wp-json\/wp\/v2\/comments?post=3572"}],"version-history":[{"count":3,"href":"https:\/\/savoie-argentine.org\/es\/wp-json\/wp\/v2\/posts\/3572\/revisions"}],"predecessor-version":[{"id":4235,"href":"https:\/\/savoie-argentine.org\/es\/wp-json\/wp\/v2\/posts\/3572\/revisions\/4235"}],"wp:featuredmedia":[{"embeddable":true,"href":"https:\/\/savoie-argentine.org\/es\/wp-json\/wp\/v2\/media\/3571"}],"wp:attachment":[{"href":"https:\/\/savoie-argentine.org\/es\/wp-json\/wp\/v2\/media?parent=3572"}],"wp:term":[{"taxonomy":"category","embeddable":true,"href":"https:\/\/savoie-argentine.org\/es\/wp-json\/wp\/v2\/categories?post=3572"},{"taxonomy":"post_tag","embeddable":true,"href":"https:\/\/savoie-argentine.org\/es\/wp-json\/wp\/v2\/tags?post=3572"},{"taxonomy":"post_folder","embeddable":true,"href":"https:\/\/savoie-argentine.org\/es\/wp-json\/wp\/v2\/post_folder?post=3572"}],"curies":[{"name":"wp","href":"https:\/\/api.w.org\/{rel}","templated":true}]}}