{"id":3713,"date":"2021-04-06T23:42:00","date_gmt":"2021-04-06T21:42:00","guid":{"rendered":"https:\/\/savoie-argentine.org\/3713\/homenaje-al-consejo-departamental-de-alta-saboya\/"},"modified":"2025-12-28T00:34:35","modified_gmt":"2025-12-27T23:34:35","slug":"homenaje-al-consejo-departamental-de-alta-saboya","status":"publish","type":"post","link":"https:\/\/savoie-argentine.org\/es\/3713\/homenaje-al-consejo-departamental-de-alta-saboya\/","title":{"rendered":"Homenaje al Consejo Departamental de Alta Saboya"},"content":{"rendered":"\t\t<div data-elementor-type=\"wp-post\" data-elementor-id=\"3713\" class=\"elementor elementor-3713 elementor-1008\">\n\t\t\t\t<div class=\"elementor-element elementor-element-69090ab6 e-flex e-con-boxed e-con e-parent\" data-id=\"69090ab6\" data-element_type=\"container\" data-e-type=\"container\">\n\t\t\t\t\t<div class=\"e-con-inner\">\n\t\t\t\t<div class=\"elementor-element elementor-element-60900154 elementor-widget elementor-widget-text-editor\" data-id=\"60900154\" data-element_type=\"widget\" data-e-type=\"widget\" data-widget_type=\"text-editor.default\">\n\t\t\t\t\t\t\t\t\t<p>Durante mucho tiempo, el Consejo General de la \u00e9poca hab\u00eda establecido v\u00ednculos con Argentina. Los funcionarios electos de la \u00e9poca acudieron a visitarlos en varias ocasiones. <\/p>\t\t\t\t\t\t\t\t<\/div>\n\t\t\t\t\t<\/div>\n\t\t\t\t<\/div>\n\t\t<div class=\"elementor-element elementor-element-619243ce e-flex e-con-boxed e-con e-parent\" data-id=\"619243ce\" data-element_type=\"container\" data-e-type=\"container\">\n\t\t\t\t\t<div class=\"e-con-inner\">\n\t\t\t\t<div class=\"elementor-element elementor-element-536afb6a elementor-widget elementor-widget-read-more\" data-id=\"536afb6a\" data-element_type=\"widget\" data-e-type=\"widget\" data-widget_type=\"read-more.default\">\n\t\t\t\t\t<\/div><\/div><\/div><\/div> <a href=\"https:\/\/savoie-argentine.org\/es\/3713\/homenaje-al-consejo-departamental-de-alta-saboya\/\" class=\"more-link elementor-more-link\"><span aria-label=\"Sigue leyendo Homenaje al Consejo Departamental de Alta Saboya\">Seguir leyendo<\/span><\/a>","protected":false},"excerpt":{"rendered":"<p>Durante mucho tiempo, el Consejo General de la \u00e9poca hab\u00eda establecido v\u00ednculos con Argentina. Los funcionarios electos de la \u00e9poca acudieron a visitarlos en varias ocasiones.<\/p>\n","protected":false},"author":2,"featured_media":3712,"comment_status":"open","ping_status":"open","sticky":false,"template":"","format":"standard","meta":{"iawp_total_views":0,"footnotes":""},"categories":[53],"tags":[],"post_folder":[],"class_list":["post-3713","post","type-post","status-publish","format-standard","has-post-thumbnail","hentry","category-actualidad"],"_links":{"self":[{"href":"https:\/\/savoie-argentine.org\/es\/wp-json\/wp\/v2\/posts\/3713","targetHints":{"allow":["GET"]}}],"collection":[{"href":"https:\/\/savoie-argentine.org\/es\/wp-json\/wp\/v2\/posts"}],"about":[{"href":"https:\/\/savoie-argentine.org\/es\/wp-json\/wp\/v2\/types\/post"}],"author":[{"embeddable":true,"href":"https:\/\/savoie-argentine.org\/es\/wp-json\/wp\/v2\/users\/2"}],"replies":[{"embeddable":true,"href":"https:\/\/savoie-argentine.org\/es\/wp-json\/wp\/v2\/comments?post=3713"}],"version-history":[{"count":3,"href":"https:\/\/savoie-argentine.org\/es\/wp-json\/wp\/v2\/posts\/3713\/revisions"}],"predecessor-version":[{"id":3716,"href":"https:\/\/savoie-argentine.org\/es\/wp-json\/wp\/v2\/posts\/3713\/revisions\/3716"}],"wp:featuredmedia":[{"embeddable":true,"href":"https:\/\/savoie-argentine.org\/es\/wp-json\/wp\/v2\/media\/3712"}],"wp:attachment":[{"href":"https:\/\/savoie-argentine.org\/es\/wp-json\/wp\/v2\/media?parent=3713"}],"wp:term":[{"taxonomy":"category","embeddable":true,"href":"https:\/\/savoie-argentine.org\/es\/wp-json\/wp\/v2\/categories?post=3713"},{"taxonomy":"post_tag","embeddable":true,"href":"https:\/\/savoie-argentine.org\/es\/wp-json\/wp\/v2\/tags?post=3713"},{"taxonomy":"post_folder","embeddable":true,"href":"https:\/\/savoie-argentine.org\/es\/wp-json\/wp\/v2\/post_folder?post=3713"}],"curies":[{"name":"wp","href":"https:\/\/api.w.org\/{rel}","templated":true}]}}