{"id":3836,"date":"2020-12-17T22:57:00","date_gmt":"2020-12-17T21:57:00","guid":{"rendered":"https:\/\/savoie-argentine.org\/3836\/gerard-el-gaucho-de-pedernal\/"},"modified":"2025-12-28T23:56:35","modified_gmt":"2025-12-28T22:56:35","slug":"gerard-el-gaucho-de-pedernal","status":"publish","type":"post","link":"https:\/\/savoie-argentine.org\/es\/3836\/gerard-el-gaucho-de-pedernal\/","title":{"rendered":"G\u00e9rard el gaucho de Pedernal"},"content":{"rendered":"\t\t<div data-elementor-type=\"wp-post\" data-elementor-id=\"3836\" class=\"elementor elementor-3836 elementor-915\">\n\t\t\t\t<div class=\"elementor-element elementor-element-79fb1a9 e-flex e-con-boxed e-con e-parent\" data-id=\"79fb1a9\" data-element_type=\"container\" data-e-type=\"container\">\n\t\t\t\t\t<div class=\"e-con-inner\">\n\t\t\t\t<div class=\"elementor-element elementor-element-3adb14c elementor-widget elementor-widget-text-editor\" data-id=\"3adb14c\" data-element_type=\"widget\" data-e-type=\"widget\" data-widget_type=\"text-editor.default\">\n\t\t\t\t\t\t\t\t\t<p>Llevaba mucho tiempo so\u00f1ando con convertirse en gaucho en las pampas argentinas. Es un sue\u00f1o que G\u00e9rard Chapuis-Piccot, uno de nuestros miembros fieles, hizo realidad hace unos a\u00f1os. <\/p>\t\t\t\t\t\t\t\t<\/div>\n\t\t\t\t\t<\/div>\n\t\t\t\t<\/div>\n\t\t<div class=\"elementor-element elementor-element-d916cdb e-flex e-con-boxed e-con e-parent\" data-id=\"d916cdb\" data-element_type=\"container\" data-e-type=\"container\">\n\t\t\t\t\t<div class=\"e-con-inner\">\n\t\t\t\t<div class=\"elementor-element elementor-element-af228d5 elementor-widget elementor-widget-read-more\" data-id=\"af228d5\" data-element_type=\"widget\" data-e-type=\"widget\" data-widget_type=\"read-more.default\">\n\t\t\t\t\t<\/div><\/div><\/div><\/div> <a href=\"https:\/\/savoie-argentine.org\/es\/3836\/gerard-el-gaucho-de-pedernal\/\" class=\"more-link elementor-more-link\"><span aria-label=\"Sigue leyendo G\u00e9rard el gaucho de Pedernal\">Seguir leyendo<\/span><\/a>","protected":false},"excerpt":{"rendered":"<p>Llevaba mucho tiempo so\u00f1ando con convertirse en gaucho en las pampas argentinas. Es un sue\u00f1o que G\u00e9rard Chapuis-Piccot, uno de nuestros miembros fieles, hizo realidad hace unos a\u00f1os.<\/p>\n","protected":false},"author":2,"featured_media":3835,"comment_status":"open","ping_status":"open","sticky":false,"template":"","format":"standard","meta":{"iawp_total_views":0,"footnotes":""},"categories":[46],"tags":[],"post_folder":[],"class_list":["post-3836","post","type-post","status-publish","format-standard","has-post-thumbnail","hentry","category-sin-categoria"],"_links":{"self":[{"href":"https:\/\/savoie-argentine.org\/es\/wp-json\/wp\/v2\/posts\/3836","targetHints":{"allow":["GET"]}}],"collection":[{"href":"https:\/\/savoie-argentine.org\/es\/wp-json\/wp\/v2\/posts"}],"about":[{"href":"https:\/\/savoie-argentine.org\/es\/wp-json\/wp\/v2\/types\/post"}],"author":[{"embeddable":true,"href":"https:\/\/savoie-argentine.org\/es\/wp-json\/wp\/v2\/users\/2"}],"replies":[{"embeddable":true,"href":"https:\/\/savoie-argentine.org\/es\/wp-json\/wp\/v2\/comments?post=3836"}],"version-history":[{"count":4,"href":"https:\/\/savoie-argentine.org\/es\/wp-json\/wp\/v2\/posts\/3836\/revisions"}],"predecessor-version":[{"id":4239,"href":"https:\/\/savoie-argentine.org\/es\/wp-json\/wp\/v2\/posts\/3836\/revisions\/4239"}],"wp:featuredmedia":[{"embeddable":true,"href":"https:\/\/savoie-argentine.org\/es\/wp-json\/wp\/v2\/media\/3835"}],"wp:attachment":[{"href":"https:\/\/savoie-argentine.org\/es\/wp-json\/wp\/v2\/media?parent=3836"}],"wp:term":[{"taxonomy":"category","embeddable":true,"href":"https:\/\/savoie-argentine.org\/es\/wp-json\/wp\/v2\/categories?post=3836"},{"taxonomy":"post_tag","embeddable":true,"href":"https:\/\/savoie-argentine.org\/es\/wp-json\/wp\/v2\/tags?post=3836"},{"taxonomy":"post_folder","embeddable":true,"href":"https:\/\/savoie-argentine.org\/es\/wp-json\/wp\/v2\/post_folder?post=3836"}],"curies":[{"name":"wp","href":"https:\/\/api.w.org\/{rel}","templated":true}]}}