{"id":3924,"date":"2020-11-26T22:21:00","date_gmt":"2020-11-26T21:21:00","guid":{"rendered":"https:\/\/savoie-argentine.org\/3924\/el-centro-cultural-san-jose-en-imagenes-de-antano\/"},"modified":"2025-12-28T00:48:17","modified_gmt":"2025-12-27T23:48:17","slug":"el-centro-cultural-san-jose-en-imagenes-de-antano","status":"publish","type":"post","link":"https:\/\/savoie-argentine.org\/es\/3924\/el-centro-cultural-san-jose-en-imagenes-de-antano\/","title":{"rendered":"El Centro Cultural San Jos\u00e9 en im\u00e1genes (\u00a1de anta\u00f1o!)"},"content":{"rendered":"\t\t<div data-elementor-type=\"wp-post\" data-elementor-id=\"3924\" class=\"elementor elementor-3924 elementor-852\">\n\t\t\t\t<div class=\"elementor-element elementor-element-328983f3 e-flex e-con-boxed e-con e-parent\" data-id=\"328983f3\" data-element_type=\"container\" data-e-type=\"container\">\n\t\t\t\t\t<div class=\"e-con-inner\">\n\t\t\t\t<div class=\"elementor-element elementor-element-d23a429 elementor-widget elementor-widget-text-editor\" data-id=\"d23a429\" data-element_type=\"widget\" data-e-type=\"widget\" data-widget_type=\"text-editor.default\">\n\t\t\t\t\t\t\t\t\t<p>El Centro Cultural de San Jos\u00e9 tambi\u00e9n celebr\u00f3 su trig\u00e9simo aniversario.<\/p>\t\t\t\t\t\t\t\t<\/div>\n\t\t\t\t\t<\/div>\n\t\t\t\t<\/div>\n\t\t<div class=\"elementor-element elementor-element-49567c55 e-flex e-con-boxed e-con e-parent\" data-id=\"49567c55\" data-element_type=\"container\" data-e-type=\"container\">\n\t\t\t\t\t<div class=\"e-con-inner\">\n\t\t\t\t<div class=\"elementor-element elementor-element-6b07903f elementor-widget elementor-widget-read-more\" data-id=\"6b07903f\" data-element_type=\"widget\" data-e-type=\"widget\" data-widget_type=\"read-more.default\">\n\t\t\t\t\t<\/div><\/div><\/div><\/div> <a href=\"https:\/\/savoie-argentine.org\/es\/3924\/el-centro-cultural-san-jose-en-imagenes-de-antano\/\" class=\"more-link elementor-more-link\"><span aria-label=\"Sigue leyendo El Centro Cultural San Jos\u00e9 en im\u00e1genes (\u00a1de anta\u00f1o!)\">Seguir leyendo<\/span><\/a>","protected":false},"excerpt":{"rendered":"<p>El Centro Cultural de San Jos\u00e9 tambi\u00e9n celebr\u00f3 su trig\u00e9simo aniversario.<\/p>\n","protected":false},"author":2,"featured_media":3923,"comment_status":"open","ping_status":"open","sticky":false,"template":"","format":"standard","meta":{"iawp_total_views":0,"footnotes":""},"categories":[46],"tags":[],"post_folder":[],"class_list":["post-3924","post","type-post","status-publish","format-standard","has-post-thumbnail","hentry","category-sin-categoria"],"_links":{"self":[{"href":"https:\/\/savoie-argentine.org\/es\/wp-json\/wp\/v2\/posts\/3924","targetHints":{"allow":["GET"]}}],"collection":[{"href":"https:\/\/savoie-argentine.org\/es\/wp-json\/wp\/v2\/posts"}],"about":[{"href":"https:\/\/savoie-argentine.org\/es\/wp-json\/wp\/v2\/types\/post"}],"author":[{"embeddable":true,"href":"https:\/\/savoie-argentine.org\/es\/wp-json\/wp\/v2\/users\/2"}],"replies":[{"embeddable":true,"href":"https:\/\/savoie-argentine.org\/es\/wp-json\/wp\/v2\/comments?post=3924"}],"version-history":[{"count":3,"href":"https:\/\/savoie-argentine.org\/es\/wp-json\/wp\/v2\/posts\/3924\/revisions"}],"predecessor-version":[{"id":3927,"href":"https:\/\/savoie-argentine.org\/es\/wp-json\/wp\/v2\/posts\/3924\/revisions\/3927"}],"wp:featuredmedia":[{"embeddable":true,"href":"https:\/\/savoie-argentine.org\/es\/wp-json\/wp\/v2\/media\/3923"}],"wp:attachment":[{"href":"https:\/\/savoie-argentine.org\/es\/wp-json\/wp\/v2\/media?parent=3924"}],"wp:term":[{"taxonomy":"category","embeddable":true,"href":"https:\/\/savoie-argentine.org\/es\/wp-json\/wp\/v2\/categories?post=3924"},{"taxonomy":"post_tag","embeddable":true,"href":"https:\/\/savoie-argentine.org\/es\/wp-json\/wp\/v2\/tags?post=3924"},{"taxonomy":"post_folder","embeddable":true,"href":"https:\/\/savoie-argentine.org\/es\/wp-json\/wp\/v2\/post_folder?post=3924"}],"curies":[{"name":"wp","href":"https:\/\/api.w.org\/{rel}","templated":true}]}}