{"id":7259,"date":"2026-03-21T07:00:00","date_gmt":"2026-03-21T06:00:00","guid":{"rendered":"https:\/\/savoie-argentine.org\/?p=7259"},"modified":"2026-04-22T10:03:00","modified_gmt":"2026-04-22T08:03:00","slug":"los-argentinos-volveran-a-su-propio-campo-chablais-del-24-al-26-de-mayo-de-2026","status":"publish","type":"post","link":"https:\/\/savoie-argentine.org\/es\/7259\/los-argentinos-volveran-a-su-propio-campo-chablais-del-24-al-26-de-mayo-de-2026\/","title":{"rendered":"Los argentinos volver\u00e1n a su propio campo, Chablais, del 24 al 26 de mayo de 2026."},"content":{"rendered":"\t\t<div data-elementor-type=\"wp-post\" data-elementor-id=\"7259\" class=\"elementor elementor-7259 elementor-7223\">\n\t\t\t\t<div class=\"elementor-element elementor-element-5a24878 e-flex e-con-boxed e-con e-parent\" data-id=\"5a24878\" data-element_type=\"container\" data-e-type=\"container\">\n\t\t\t\t\t<div class=\"e-con-inner\">\n\t\t\t\t<div class=\"elementor-element elementor-element-f2d0f02 elementor-widget elementor-widget-text-editor\" data-id=\"f2d0f02\" data-element_type=\"widget\" data-e-type=\"widget\" data-widget_type=\"text-editor.default\">\n\t\t\t\t\t\t\t\t\t<p>Llegando de Aix-les-Bains el domingo 24 de mayo, nuestros primos argentinos dejar\u00e1n su equipaje en <strong>Ch\u00e2tel<\/strong>, donde se alojar\u00e1n dos noches antes de partir el 26 de mayo por la tarde hacia Valais.<\/p>\t\t\t\t\t\t\t\t<\/div>\n\t\t\t\t\t<\/div>\n\t\t\t\t<\/div>\n\t\t<div class=\"elementor-element elementor-element-5b5aaf0 e-flex e-con-boxed e-con e-parent\" data-id=\"5b5aaf0\" data-element_type=\"container\" data-e-type=\"container\">\n\t\t\t\t\t<div class=\"e-con-inner\">\n\t\t\t\t<div class=\"elementor-element elementor-element-db13456 elementor-widget elementor-widget-read-more\" data-id=\"db13456\" data-element_type=\"widget\" data-e-type=\"widget\" data-widget_type=\"read-more.default\">\n\t\t\t\t\t<\/div><\/div><\/div><\/div> <a href=\"https:\/\/savoie-argentine.org\/es\/7259\/los-argentinos-volveran-a-su-propio-campo-chablais-del-24-al-26-de-mayo-de-2026\/\" class=\"more-link elementor-more-link\"><span aria-label=\"Sigue leyendo Los argentinos volver\u00e1n a su propio campo, Chablais, del 24 al 26 de mayo de 2026.\">Seguir leyendo<\/span><\/a>","protected":false},"excerpt":{"rendered":"<p>Para acompa\u00f1ar mejor esta visita excepcional, Saboya-Argentina se est\u00e1 movilizando.<br \/>\nEl objetivo es sencillo: ofrecer a estas familias una bienvenida c\u00e1lida y aut\u00e9ntica que est\u00e9 a la altura de la historia que nos une.<\/p>\n","protected":false},"author":1,"featured_media":7258,"comment_status":"open","ping_status":"closed","sticky":false,"template":"","format":"standard","meta":{"iawp_total_views":19,"footnotes":""},"categories":[53,58],"tags":[],"post_folder":[87],"class_list":["post-7259","post","type-post","status-publish","format-standard","has-post-thumbnail","hentry","category-actualidad","category-proximamente"],"_links":{"self":[{"href":"https:\/\/savoie-argentine.org\/es\/wp-json\/wp\/v2\/posts\/7259","targetHints":{"allow":["GET"]}}],"collection":[{"href":"https:\/\/savoie-argentine.org\/es\/wp-json\/wp\/v2\/posts"}],"about":[{"href":"https:\/\/savoie-argentine.org\/es\/wp-json\/wp\/v2\/types\/post"}],"author":[{"embeddable":true,"href":"https:\/\/savoie-argentine.org\/es\/wp-json\/wp\/v2\/users\/1"}],"replies":[{"embeddable":true,"href":"https:\/\/savoie-argentine.org\/es\/wp-json\/wp\/v2\/comments?post=7259"}],"version-history":[{"count":8,"href":"https:\/\/savoie-argentine.org\/es\/wp-json\/wp\/v2\/posts\/7259\/revisions"}],"predecessor-version":[{"id":7673,"href":"https:\/\/savoie-argentine.org\/es\/wp-json\/wp\/v2\/posts\/7259\/revisions\/7673"}],"wp:featuredmedia":[{"embeddable":true,"href":"https:\/\/savoie-argentine.org\/es\/wp-json\/wp\/v2\/media\/7258"}],"wp:attachment":[{"href":"https:\/\/savoie-argentine.org\/es\/wp-json\/wp\/v2\/media?parent=7259"}],"wp:term":[{"taxonomy":"category","embeddable":true,"href":"https:\/\/savoie-argentine.org\/es\/wp-json\/wp\/v2\/categories?post=7259"},{"taxonomy":"post_tag","embeddable":true,"href":"https:\/\/savoie-argentine.org\/es\/wp-json\/wp\/v2\/tags?post=7259"},{"taxonomy":"post_folder","embeddable":true,"href":"https:\/\/savoie-argentine.org\/es\/wp-json\/wp\/v2\/post_folder?post=7259"}],"curies":[{"name":"wp","href":"https:\/\/api.w.org\/{rel}","templated":true}]}}