{"id":7484,"date":"2026-04-16T10:06:15","date_gmt":"2026-04-16T08:06:15","guid":{"rendered":"https:\/\/savoie-argentine.org\/?p=7484"},"modified":"2026-04-16T10:09:00","modified_gmt":"2026-04-16T08:09:00","slug":"cartas-de-la-fonderie-paccard-enviadas-a-san-carlos-norte","status":"publish","type":"post","link":"https:\/\/savoie-argentine.org\/es\/7484\/cartas-de-la-fonderie-paccard-enviadas-a-san-carlos-norte\/","title":{"rendered":"CARTAS DE LA FONDERIE PACCARD ENVIADAS A SAN CARLOS NORTE"},"content":{"rendered":"\t\t<div data-elementor-type=\"wp-post\" data-elementor-id=\"7484\" class=\"elementor elementor-7484\">\n\t\t\t\t<div class=\"elementor-element elementor-element-b8e5bdd e-flex e-con-boxed e-con e-parent\" data-id=\"b8e5bdd\" data-element_type=\"container\" data-e-type=\"container\">\n\t\t\t\t\t<div class=\"e-con-inner\">\n\t\t\t\t<div class=\"elementor-element elementor-element-0a570da elementor-widget elementor-widget-heading\" data-id=\"0a570da\" data-element_type=\"widget\" data-e-type=\"widget\" data-widget_type=\"heading.default\">\n\t\t\t\t\t<h5 class=\"elementor-heading-title elementor-size-default\">POR LA COMPRA DE LA CAMPANA PARA LA PARROQUIA<\/h5>\t\t\t\t<\/div>\n\t\t\t\t\t<\/div>\n\t\t\t\t<\/div>\n\t\t<div class=\"elementor-element elementor-element-a923d94 e-flex e-con-boxed e-con e-parent\" data-id=\"a923d94\" data-element_type=\"container\" data-e-type=\"container\">\n\t\t\t\t\t<div class=\"e-con-inner\">\n\t\t\t\t<div class=\"elementor-element elementor-element-127664a elementor-widget elementor-widget-text-editor\" data-id=\"127664a\" data-element_type=\"widget\" data-e-type=\"widget\" data-widget_type=\"text-editor.default\">\n\t\t\t\t\t\t\t\t\t<p>\u201cCon respecto al art\u00edculo publicado bajo el t\u00edtulo <a href=\"https:\/\/savoie-argentine.org\/es\/7468\/las-campanas-de-la-parroquia-nuestra-senora-de-la-asuncion\/\" target=\"_blank\" rel=\"noopener\"><span style=\"text-decoration: underline;\">Las campanas de la Parroquia Nuestra Se\u00f1ora de la Asunci\u00f3n de San Carlos Norte<\/span><\/a>, compartimos a continuaci\u00f3n fragmentos de las cartas que se conservan, las cuales testimonian y detallan la hist\u00f3rica compra de las campanas.\u201d<\/p>\t\t\t\t\t\t\t\t<\/div>\n\t\t\t\t\t<\/div>\n\t\t\t\t<\/div>\n\t\t<div class=\"elementor-element elementor-element-116ff4e e-flex e-con-boxed e-con e-parent\" data-id=\"116ff4e\" data-element_type=\"container\" data-e-type=\"container\">\n\t\t\t\t\t<div class=\"e-con-inner\">\n\t\t\t\t<div class=\"elementor-element elementor-element-70596bb elementor-widget elementor-widget-read-more\" data-id=\"70596bb\" data-element_type=\"widget\" data-e-type=\"widget\" data-widget_type=\"read-more.default\">\n\t\t\t\t\t<\/div><\/div><\/div><\/div> <a href=\"https:\/\/savoie-argentine.org\/es\/7484\/cartas-de-la-fonderie-paccard-enviadas-a-san-carlos-norte\/\" class=\"more-link elementor-more-link\"><span aria-label=\"Sigue leyendo CARTAS DE LA FONDERIE PACCARD ENVIADAS A SAN CARLOS NORTE\">Sigue leyendo<\/span><\/a>","protected":false},"excerpt":{"rendered":"<p>Los abajo firmantes, Georges y Francisco Paccard, fundidores de campanas en Annecy-Le-Vieux, (Alta Saboya) declaran haber recibido&#8230;<br \/>\nLes soussign\u00e9s, Georges et Francisco Paccard, fondeurs de cloches \u00e0 Annecy-le-Vieux (Haute-Savoie), d\u00e9clarent avoir re\u00e7u&#8230;<\/p>\n","protected":false},"author":7,"featured_media":7485,"comment_status":"open","ping_status":"closed","sticky":false,"template":"","format":"standard","meta":{"iawp_total_views":1,"footnotes":""},"categories":[53,105],"tags":[],"post_folder":[92],"class_list":["post-7484","post","type-post","status-publish","format-standard","has-post-thumbnail","hentry","category-actualidad","category-comunicacion-san-carlos"],"_links":{"self":[{"href":"https:\/\/savoie-argentine.org\/es\/wp-json\/wp\/v2\/posts\/7484","targetHints":{"allow":["GET"]}}],"collection":[{"href":"https:\/\/savoie-argentine.org\/es\/wp-json\/wp\/v2\/posts"}],"about":[{"href":"https:\/\/savoie-argentine.org\/es\/wp-json\/wp\/v2\/types\/post"}],"author":[{"embeddable":true,"href":"https:\/\/savoie-argentine.org\/es\/wp-json\/wp\/v2\/users\/7"}],"replies":[{"embeddable":true,"href":"https:\/\/savoie-argentine.org\/es\/wp-json\/wp\/v2\/comments?post=7484"}],"version-history":[{"count":7,"href":"https:\/\/savoie-argentine.org\/es\/wp-json\/wp\/v2\/posts\/7484\/revisions"}],"predecessor-version":[{"id":7492,"href":"https:\/\/savoie-argentine.org\/es\/wp-json\/wp\/v2\/posts\/7484\/revisions\/7492"}],"wp:featuredmedia":[{"embeddable":true,"href":"https:\/\/savoie-argentine.org\/es\/wp-json\/wp\/v2\/media\/7485"}],"wp:attachment":[{"href":"https:\/\/savoie-argentine.org\/es\/wp-json\/wp\/v2\/media?parent=7484"}],"wp:term":[{"taxonomy":"category","embeddable":true,"href":"https:\/\/savoie-argentine.org\/es\/wp-json\/wp\/v2\/categories?post=7484"},{"taxonomy":"post_tag","embeddable":true,"href":"https:\/\/savoie-argentine.org\/es\/wp-json\/wp\/v2\/tags?post=7484"},{"taxonomy":"post_folder","embeddable":true,"href":"https:\/\/savoie-argentine.org\/es\/wp-json\/wp\/v2\/post_folder?post=7484"}],"curies":[{"name":"wp","href":"https:\/\/api.w.org\/{rel}","templated":true}]}}