{"id":7770,"date":"2026-04-30T10:12:33","date_gmt":"2026-04-30T08:12:33","guid":{"rendered":"https:\/\/savoie-argentine.org\/?p=7770"},"modified":"2026-04-30T10:26:57","modified_gmt":"2026-04-30T08:26:57","slug":"visita-del-principe-luis-amadeo-de-saboya-a-san-carlos","status":"publish","type":"post","link":"https:\/\/savoie-argentine.org\/es\/7770\/visita-del-principe-luis-amadeo-de-saboya-a-san-carlos\/","title":{"rendered":"VISITA DEL PR\u00cdNCIPE LUIS AMADEO DE SABOYA A SAN CARLOS"},"content":{"rendered":"\t\t<div data-elementor-type=\"wp-post\" data-elementor-id=\"7770\" class=\"elementor elementor-7770\">\n\t\t\t\t<div class=\"elementor-element elementor-element-0fc46e7 e-flex e-con-boxed e-con e-parent\" data-id=\"0fc46e7\" data-element_type=\"container\" data-e-type=\"container\">\n\t\t\t\t\t<div class=\"e-con-inner\">\n\t\t\t\t<div class=\"elementor-element elementor-element-f38e480 elementor-widget elementor-widget-text-editor\" data-id=\"f38e480\" data-element_type=\"widget\" data-e-type=\"widget\" data-widget_type=\"text-editor.default\">\n\t\t\t\t\t\t\t\t\t<p>Luis Amadeo de Saboya, hijo de Amadeo de Saboya y de Mar\u00eda Victoria del Pozzo, naci\u00f3 en Madrid (Espa\u00f1a) el 29 de enero de 1.873.<\/p>\t\t\t\t\t\t\t\t<\/div>\n\t\t\t\t\t<\/div>\n\t\t\t\t<\/div>\n\t\t<div class=\"elementor-element elementor-element-c40096a e-flex e-con-boxed e-con e-parent\" data-id=\"c40096a\" data-element_type=\"container\" data-e-type=\"container\">\n\t\t\t\t\t<div class=\"e-con-inner\">\n\t\t\t\t<div class=\"elementor-element elementor-element-2e669b2 elementor-widget elementor-widget-read-more\" data-id=\"2e669b2\" data-element_type=\"widget\" data-e-type=\"widget\" data-widget_type=\"read-more.default\">\n\t\t\t\t\t<\/div><\/div><\/div><\/div> <a href=\"https:\/\/savoie-argentine.org\/es\/7770\/visita-del-principe-luis-amadeo-de-saboya-a-san-carlos\/\" class=\"more-link elementor-more-link\"><span aria-label=\"Sigue leyendo VISITA DEL PR\u00cdNCIPE LUIS AMADEO DE SABOYA A SAN CARLOS\">Sigue leyendo<\/span><\/a>","protected":false},"excerpt":{"rendered":"<p>Durante su estancia en Buenos Aires, el pr\u00edncipe Luis Amadeo de Saboya visit\u00f3 los reci\u00e9n establecidos y pr\u00f3speros asentamientos agr\u00edcolas de inmigrantes europeos en la provincia de Santa Fe.<br \/>\nPendant son s\u00e9jour \u00e0 Buenos Aires, le prince Louis Am\u00e9d\u00e9e de Savoie visita, en province de Santa Fe, les toutes nouvelles et prosp\u00e8res colonies agricoles peupl\u00e9es d&#8217;immigrants europ\u00e9ens.<\/p>\n","protected":false},"author":10,"featured_media":7772,"comment_status":"open","ping_status":"closed","sticky":false,"template":"","format":"standard","meta":{"iawp_total_views":4,"footnotes":""},"categories":[53,116],"tags":[],"post_folder":[],"class_list":["post-7770","post","type-post","status-publish","format-standard","has-post-thumbnail","hentry","category-actualidad","category-patrimonio"],"_links":{"self":[{"href":"https:\/\/savoie-argentine.org\/es\/wp-json\/wp\/v2\/posts\/7770","targetHints":{"allow":["GET"]}}],"collection":[{"href":"https:\/\/savoie-argentine.org\/es\/wp-json\/wp\/v2\/posts"}],"about":[{"href":"https:\/\/savoie-argentine.org\/es\/wp-json\/wp\/v2\/types\/post"}],"author":[{"embeddable":true,"href":"https:\/\/savoie-argentine.org\/es\/wp-json\/wp\/v2\/users\/10"}],"replies":[{"embeddable":true,"href":"https:\/\/savoie-argentine.org\/es\/wp-json\/wp\/v2\/comments?post=7770"}],"version-history":[{"count":14,"href":"https:\/\/savoie-argentine.org\/es\/wp-json\/wp\/v2\/posts\/7770\/revisions"}],"predecessor-version":[{"id":7791,"href":"https:\/\/savoie-argentine.org\/es\/wp-json\/wp\/v2\/posts\/7770\/revisions\/7791"}],"wp:featuredmedia":[{"embeddable":true,"href":"https:\/\/savoie-argentine.org\/es\/wp-json\/wp\/v2\/media\/7772"}],"wp:attachment":[{"href":"https:\/\/savoie-argentine.org\/es\/wp-json\/wp\/v2\/media?parent=7770"}],"wp:term":[{"taxonomy":"category","embeddable":true,"href":"https:\/\/savoie-argentine.org\/es\/wp-json\/wp\/v2\/categories?post=7770"},{"taxonomy":"post_tag","embeddable":true,"href":"https:\/\/savoie-argentine.org\/es\/wp-json\/wp\/v2\/tags?post=7770"},{"taxonomy":"post_folder","embeddable":true,"href":"https:\/\/savoie-argentine.org\/es\/wp-json\/wp\/v2\/post_folder?post=7770"}],"curies":[{"name":"wp","href":"https:\/\/api.w.org\/{rel}","templated":true}]}}